{"id":1170,"date":"2013-10-12T16:29:32","date_gmt":"2013-10-12T16:29:32","guid":{"rendered":"http:\/\/www.amazingospelchoir.com\/?p=1170"},"modified":"2018-10-03T14:05:18","modified_gmt":"2018-10-03T14:05:18","slug":"musica-contro-la-crisi-padova-26-ottobre-2013","status":"publish","type":"post","link":"http:\/\/www.amazingospelchoir.com\/?p=1170","title":{"rendered":"Musica Contro la Crisi &#8211; Padova, 26 ottobre 2013"},"content":{"rendered":"<div>\n<p>Un nuovo evento organizzato dalla calorosa comunit\u00e0 di S. Rita, a Padova, accoglier\u00e0 noi e altre due formazioni corali per una rassegna musicale in una serata in cui lo spirito sar\u00e0 quello del divertimento e della serenit\u00e0.\n<\/p><\/div>\n<div>\nVi aspettiamo a<strong><a href=\"https:\/\/maps.google.it\/maps?q=Parrocchia+Di+Santa+Rita&amp;ll=45.394698,11.887507&amp;spn=0.008227,0.021136&amp;oe=utf-8&amp;client=firefox-a&amp;fb=1&amp;gl=it&amp;hq=Parrocchia+Di+Santa+Rita&amp;hnear=Parrocchia+Di+Santa+Rita&amp;cid=0,0,6375472583627186971&amp;t=h&amp;z=16&amp;iwloc=A\" target=\"_blank\"> Santa Rita <\/a><\/strong>sabato 26 ottobre alle 21.00!<\/p>\n<\/div>\n<p>[contentdivider]<br \/>\n<a href=\"http:\/\/www.amazingospelchoir.com\/wp-content\/uploads\/2013\/10\/20131026_MusicaControLaCrisi.pdf\"><img loading=\"lazy\" decoding=\"async\" class=\"aligncenter size-medium wp-image-1172\" alt=\"20131026_MusicaControLaCrisi\" src=\"http:\/\/www.amazingospelchoir.com\/wp-content\/uploads\/2013\/10\/20131026_MusicaControLaCrisi-212x300.png\" width=\"212\" height=\"300\" srcset=\"http:\/\/www.amazingospelchoir.com\/wp-content\/uploads\/2013\/10\/20131026_MusicaControLaCrisi-212x300.png 212w, http:\/\/www.amazingospelchoir.com\/wp-content\/uploads\/2013\/10\/20131026_MusicaControLaCrisi.png 454w\" sizes=\"auto, (max-width: 212px) 100vw, 212px\" \/><\/a><\/p>\n","protected":false},"excerpt":{"rendered":"<p>Un nuovo evento organizzato dalla calorosa comunit\u00e0 di S. Rita, a Padova, accoglier\u00e0 noi e altre due formazioni corali per una rassegna musicale in una serata in cui lo spirito sar\u00e0 quello del divertimento e della serenit\u00e0. Vi aspettiamo a Santa Rita sabato 26 ottobre alle 21.00! [contentdivider]<\/p>\n","protected":false},"author":1,"featured_media":1172,"comment_status":"open","ping_status":"open","sticky":false,"template":"","format":"standard","meta":{"footnotes":""},"categories":[15],"tags":[54,29,55,53],"class_list":["post-1170","post","type-post","status-publish","format-standard","has-post-thumbnail","hentry","category-eventi-2013","tag-crisi","tag-padova","tag-rassegna","tag-santa-rita"],"_links":{"self":[{"href":"http:\/\/www.amazingospelchoir.com\/index.php?rest_route=\/wp\/v2\/posts\/1170","targetHints":{"allow":["GET"]}}],"collection":[{"href":"http:\/\/www.amazingospelchoir.com\/index.php?rest_route=\/wp\/v2\/posts"}],"about":[{"href":"http:\/\/www.amazingospelchoir.com\/index.php?rest_route=\/wp\/v2\/types\/post"}],"author":[{"embeddable":true,"href":"http:\/\/www.amazingospelchoir.com\/index.php?rest_route=\/wp\/v2\/users\/1"}],"replies":[{"embeddable":true,"href":"http:\/\/www.amazingospelchoir.com\/index.php?rest_route=%2Fwp%2Fv2%2Fcomments&post=1170"}],"version-history":[{"count":3,"href":"http:\/\/www.amazingospelchoir.com\/index.php?rest_route=\/wp\/v2\/posts\/1170\/revisions"}],"predecessor-version":[{"id":1175,"href":"http:\/\/www.amazingospelchoir.com\/index.php?rest_route=\/wp\/v2\/posts\/1170\/revisions\/1175"}],"wp:featuredmedia":[{"embeddable":true,"href":"http:\/\/www.amazingospelchoir.com\/index.php?rest_route=\/wp\/v2\/media\/1172"}],"wp:attachment":[{"href":"http:\/\/www.amazingospelchoir.com\/index.php?rest_route=%2Fwp%2Fv2%2Fmedia&parent=1170"}],"wp:term":[{"taxonomy":"category","embeddable":true,"href":"http:\/\/www.amazingospelchoir.com\/index.php?rest_route=%2Fwp%2Fv2%2Fcategories&post=1170"},{"taxonomy":"post_tag","embeddable":true,"href":"http:\/\/www.amazingospelchoir.com\/index.php?rest_route=%2Fwp%2Fv2%2Ftags&post=1170"}],"curies":[{"name":"wp","href":"https:\/\/api.w.org\/{rel}","templated":true}]}}