{"id":1928,"date":"2015-05-26T15:22:48","date_gmt":"2015-05-26T15:22:48","guid":{"rendered":"http:\/\/www.amazingospelchoir.com\/?p=1928"},"modified":"2018-10-03T14:02:29","modified_gmt":"2018-10-03T14:02:29","slug":"concorso-nazionale-corale-citta-di-vittorio-veneto-30-maggio-2015","status":"publish","type":"post","link":"http:\/\/www.amazingospelchoir.com\/?p=1928","title":{"rendered":"Concorso Nazionale Corale &#8220;Citt\u00e0 di Vittorio Veneto&#8221; &#8211; 30 maggio 2015"},"content":{"rendered":"<p>E dopo la menzione speciale ottenuta nello stesso concorso qualche anno fa, sabato ci ripresenteremo per una nuova prova canora a Vittorio Veneto, forti della Fascia di Eccellenza vinta al concorso a Venezia lo scorso autunno.<\/p>\n<p>Il Concorso Nazionale Corale &#8220;Citt\u00e0 di Vittorio Veneto&#8221; \u00e8 tra i pi\u00f9 apprezzati e significativi del suo genere in tutto il sud Europa, e noi partecipiamo per la seconda volta: un meraviglioso traguardo per la nostra formazione gospel!<\/p>\n<p>In bocca al lupo&#8230;a noi!<\/p>\n","protected":false},"excerpt":{"rendered":"<p>E dopo la menzione speciale ottenuta nello stesso concorso qualche anno fa, sabato ci ripresenteremo per una nuova prova canora a Vittorio Veneto, forti della Fascia di Eccellenza vinta al concorso a Venezia lo scorso autunno. Il Concorso Nazionale Corale &#8220;Citt\u00e0 di Vittorio Veneto&#8221; \u00e8 tra i pi\u00f9 apprezzati e significativi del suo genere in &hellip; <\/p>\n<p class=\"link-more\"><a href=\"http:\/\/www.amazingospelchoir.com\/?p=1928\" class=\"more-link\">Leggi tutto<span class=\"screen-reader-text\"> &#8220;Concorso Nazionale Corale &#8220;Citt\u00e0 di Vittorio Veneto&#8221; &#8211; 30 maggio 2015&#8243;<\/span><\/a><\/p>\n","protected":false},"author":1,"featured_media":1929,"comment_status":"open","ping_status":"open","sticky":false,"template":"","format":"standard","meta":{"footnotes":""},"categories":[137,176,147],"tags":[88,89],"class_list":["post-1928","post","type-post","status-publish","format-standard","has-post-thumbnail","hentry","category-eventi-2015","category-eventi-maggiori","category-iniziative","tag-concorso","tag-vittorio-veneto"],"_links":{"self":[{"href":"http:\/\/www.amazingospelchoir.com\/index.php?rest_route=\/wp\/v2\/posts\/1928","targetHints":{"allow":["GET"]}}],"collection":[{"href":"http:\/\/www.amazingospelchoir.com\/index.php?rest_route=\/wp\/v2\/posts"}],"about":[{"href":"http:\/\/www.amazingospelchoir.com\/index.php?rest_route=\/wp\/v2\/types\/post"}],"author":[{"embeddable":true,"href":"http:\/\/www.amazingospelchoir.com\/index.php?rest_route=\/wp\/v2\/users\/1"}],"replies":[{"embeddable":true,"href":"http:\/\/www.amazingospelchoir.com\/index.php?rest_route=%2Fwp%2Fv2%2Fcomments&post=1928"}],"version-history":[{"count":1,"href":"http:\/\/www.amazingospelchoir.com\/index.php?rest_route=\/wp\/v2\/posts\/1928\/revisions"}],"predecessor-version":[{"id":1930,"href":"http:\/\/www.amazingospelchoir.com\/index.php?rest_route=\/wp\/v2\/posts\/1928\/revisions\/1930"}],"wp:featuredmedia":[{"embeddable":true,"href":"http:\/\/www.amazingospelchoir.com\/index.php?rest_route=\/wp\/v2\/media\/1929"}],"wp:attachment":[{"href":"http:\/\/www.amazingospelchoir.com\/index.php?rest_route=%2Fwp%2Fv2%2Fmedia&parent=1928"}],"wp:term":[{"taxonomy":"category","embeddable":true,"href":"http:\/\/www.amazingospelchoir.com\/index.php?rest_route=%2Fwp%2Fv2%2Fcategories&post=1928"},{"taxonomy":"post_tag","embeddable":true,"href":"http:\/\/www.amazingospelchoir.com\/index.php?rest_route=%2Fwp%2Fv2%2Ftags&post=1928"}],"curies":[{"name":"wp","href":"https:\/\/api.w.org\/{rel}","templated":true}]}}