{"id":2548,"date":"2019-10-26T15:41:59","date_gmt":"2019-10-26T15:41:59","guid":{"rendered":"http:\/\/www.amazingospelchoir.com\/?p=2548"},"modified":"2019-10-26T15:42:43","modified_gmt":"2019-10-26T15:42:43","slug":"serata-per-le-disabilita-lozzo-atestino-27-ottobre-2019","status":"publish","type":"post","link":"http:\/\/www.amazingospelchoir.com\/?p=2548","title":{"rendered":"Serata per le Disabilit\u00e0 &#8211; Lozzo Atestino, 27 ottobre 2019"},"content":{"rendered":"<div>Un nuovo appuntamento in questo caldo autunno, e una nuova iniziativa a sostegno di chi lotta di pi\u00f9 nella vita di tutti i giorni<br \/>\nVi invitiamo numerosi ad una serata Gospel per il sostegno a chi \u00e8 colpito da disabilit\u00e0, domenica 27 ottobre 2019, ore 21.00, presso l&#8217;auditorium della banca BCC di Lozzo Atestino. Con il gentile supporto dell&#8217;istituto ospitante.<br \/>\nNon mancate<\/div>\n<p>[contentdivider]<br \/>\n\n\t\t<div id='gallery-1' class='gallery galleryid-2548 gallery-columns-3 gallery-size-thumbnail gallery1'><script type=\"text\/javascript\">\n\/\/ <![CDATA[\n\tjQuery(document).ready(function () {\n\t\tjQuery(\".gallery1 a\").attr(\"rel\",\"gallery1\");\t\n\t\tjQuery('a[rel=\"gallery1\"]').colorbox({maxWidth:\"95%\", maxHeight:\"95%\",title: function(){ return jQuery(this).children().attr(\"alt\"); }, });\n\t});\n\/\/ ]]>\n<\/script>\n<figure class=\"gallery-item\">\n<div class=\"gallery-icon\">\n<a href=\"http:\/\/www.amazingospelchoir.com\/wp-content\/uploads\/2019\/10\/IMG-20191026-WA0002-730x1024.jpg\" title=\"\" rel=\"gallery1\"><img loading=\"lazy\" decoding=\"async\" src=\"http:\/\/www.amazingospelchoir.com\/wp-content\/uploads\/2019\/10\/IMG-20191026-WA0002-150x150.jpg\" width=\"150\" height=\"150\" alt=\"\" \/><\/a>\n<\/div><\/figure>\n\t\t<\/div>\n<\/p>\n","protected":false},"excerpt":{"rendered":"<p>Un nuovo appuntamento in questo caldo autunno, e una nuova iniziativa a sostegno di chi lotta di pi\u00f9 nella vita di tutti i giorni Vi invitiamo numerosi ad una serata Gospel per il sostegno a chi \u00e8 colpito da disabilit\u00e0, domenica 27 ottobre 2019, ore 21.00, presso l&#8217;auditorium della banca BCC di Lozzo Atestino. Con &hellip; <\/p>\n<p class=\"link-more\"><a href=\"http:\/\/www.amazingospelchoir.com\/?p=2548\" class=\"more-link\">Leggi tutto<span class=\"screen-reader-text\"> &#8220;Serata per le Disabilit\u00e0 &#8211; Lozzo Atestino, 27 ottobre 2019&#8221;<\/span><\/a><\/p>\n","protected":false},"author":1,"featured_media":2550,"comment_status":"open","ping_status":"open","sticky":false,"template":"","format":"standard","meta":{"footnotes":""},"categories":[240],"tags":[267,266],"class_list":["post-2548","post","type-post","status-publish","format-standard","has-post-thumbnail","hentry","category-eventi-2019","tag-bcc","tag-lozzo"],"_links":{"self":[{"href":"http:\/\/www.amazingospelchoir.com\/index.php?rest_route=\/wp\/v2\/posts\/2548","targetHints":{"allow":["GET"]}}],"collection":[{"href":"http:\/\/www.amazingospelchoir.com\/index.php?rest_route=\/wp\/v2\/posts"}],"about":[{"href":"http:\/\/www.amazingospelchoir.com\/index.php?rest_route=\/wp\/v2\/types\/post"}],"author":[{"embeddable":true,"href":"http:\/\/www.amazingospelchoir.com\/index.php?rest_route=\/wp\/v2\/users\/1"}],"replies":[{"embeddable":true,"href":"http:\/\/www.amazingospelchoir.com\/index.php?rest_route=%2Fwp%2Fv2%2Fcomments&post=2548"}],"version-history":[{"count":1,"href":"http:\/\/www.amazingospelchoir.com\/index.php?rest_route=\/wp\/v2\/posts\/2548\/revisions"}],"predecessor-version":[{"id":2549,"href":"http:\/\/www.amazingospelchoir.com\/index.php?rest_route=\/wp\/v2\/posts\/2548\/revisions\/2549"}],"wp:featuredmedia":[{"embeddable":true,"href":"http:\/\/www.amazingospelchoir.com\/index.php?rest_route=\/wp\/v2\/media\/2550"}],"wp:attachment":[{"href":"http:\/\/www.amazingospelchoir.com\/index.php?rest_route=%2Fwp%2Fv2%2Fmedia&parent=2548"}],"wp:term":[{"taxonomy":"category","embeddable":true,"href":"http:\/\/www.amazingospelchoir.com\/index.php?rest_route=%2Fwp%2Fv2%2Fcategories&post=2548"},{"taxonomy":"post_tag","embeddable":true,"href":"http:\/\/www.amazingospelchoir.com\/index.php?rest_route=%2Fwp%2Fv2%2Ftags&post=2548"}],"curies":[{"name":"wp","href":"https:\/\/api.w.org\/{rel}","templated":true}]}}