{"id":970,"date":"2013-06-17T11:20:32","date_gmt":"2013-06-17T11:20:32","guid":{"rendered":"http:\/\/www.amazingospelchoir.com\/?p=970"},"modified":"2018-10-03T14:05:19","modified_gmt":"2018-10-03T14:05:19","slug":"90-delle-suore-domenicane-della-beata-imelda-bologna-22-giugno-2013","status":"publish","type":"post","link":"http:\/\/www.amazingospelchoir.com\/?p=970","title":{"rendered":"90\u00b0 delle Suore Domenicane della Beata Imelda &#8211; Bologna, 22 giugno 2013"},"content":{"rendered":"<p>L&#8217;AGC viene &#8220;ingaggiato&#8221; per allietare sia la messa che la serata conclusiva dei festeggiamenti per il 90\u00b0 anno dalla fondazione dell&#8217;Ordine delle Suore Domenicane della Beata Imelda.<\/p>\n<p>Presenti, per altro, nella nostra natia citt\u00e0 di Este, le raggiungeremo a Bologna, nella loro citt\u00e0, dove pi\u00f9 di ogni altro luogo hanno prestato servizio con fede e dedizione per tutto il XX secolo.<br \/>\nUn bellissimo articolo sulle loro attivit\u00e0, le peripezie e sulla loro storia in generale \u00e8 presente nel loro sito, a questo <a href=\"http:\/\/www.domenicaneimeldine.it\/spip.php?article328&amp;var_mode=calcul\" target=\"_blank\">link<\/a>.<\/p>\n<p>Per maggiori informazioni: <a href=\"http:\/\/www.domenicaneimeldine.it\" target=\"_blank\">http:\/\/www.domenicaneimeldine.it<\/a><\/p>\n","protected":false},"excerpt":{"rendered":"<p>L&#8217;AGC viene &#8220;ingaggiato&#8221; per allietare sia la messa che la serata conclusiva dei festeggiamenti per il 90\u00b0 anno dalla fondazione dell&#8217;Ordine delle Suore Domenicane della Beata Imelda. Presenti, per altro, nella nostra natia citt\u00e0 di Este, le raggiungeremo a Bologna, nella loro citt\u00e0, dove pi\u00f9 di ogni altro luogo hanno prestato servizio con fede e &hellip; <\/p>\n<p class=\"link-more\"><a href=\"http:\/\/www.amazingospelchoir.com\/?p=970\" class=\"more-link\">Leggi tutto<span class=\"screen-reader-text\"> &#8220;90\u00b0 delle Suore Domenicane della Beata Imelda &#8211; Bologna, 22 giugno 2013&#8221;<\/span><\/a><\/p>\n","protected":false},"author":1,"featured_media":971,"comment_status":"open","ping_status":"open","sticky":false,"template":"","format":"standard","meta":{"footnotes":""},"categories":[15],"tags":[51,52],"class_list":["post-970","post","type-post","status-publish","format-standard","has-post-thumbnail","hentry","category-eventi-2013","tag-bologna","tag-suore-imeldine"],"_links":{"self":[{"href":"http:\/\/www.amazingospelchoir.com\/index.php?rest_route=\/wp\/v2\/posts\/970","targetHints":{"allow":["GET"]}}],"collection":[{"href":"http:\/\/www.amazingospelchoir.com\/index.php?rest_route=\/wp\/v2\/posts"}],"about":[{"href":"http:\/\/www.amazingospelchoir.com\/index.php?rest_route=\/wp\/v2\/types\/post"}],"author":[{"embeddable":true,"href":"http:\/\/www.amazingospelchoir.com\/index.php?rest_route=\/wp\/v2\/users\/1"}],"replies":[{"embeddable":true,"href":"http:\/\/www.amazingospelchoir.com\/index.php?rest_route=%2Fwp%2Fv2%2Fcomments&post=970"}],"version-history":[{"count":3,"href":"http:\/\/www.amazingospelchoir.com\/index.php?rest_route=\/wp\/v2\/posts\/970\/revisions"}],"predecessor-version":[{"id":1223,"href":"http:\/\/www.amazingospelchoir.com\/index.php?rest_route=\/wp\/v2\/posts\/970\/revisions\/1223"}],"wp:featuredmedia":[{"embeddable":true,"href":"http:\/\/www.amazingospelchoir.com\/index.php?rest_route=\/wp\/v2\/media\/971"}],"wp:attachment":[{"href":"http:\/\/www.amazingospelchoir.com\/index.php?rest_route=%2Fwp%2Fv2%2Fmedia&parent=970"}],"wp:term":[{"taxonomy":"category","embeddable":true,"href":"http:\/\/www.amazingospelchoir.com\/index.php?rest_route=%2Fwp%2Fv2%2Fcategories&post=970"},{"taxonomy":"post_tag","embeddable":true,"href":"http:\/\/www.amazingospelchoir.com\/index.php?rest_route=%2Fwp%2Fv2%2Ftags&post=970"}],"curies":[{"name":"wp","href":"https:\/\/api.w.org\/{rel}","templated":true}]}}